[{"@context":"https:\/\/schema.org\/","@type":"Article","@id":"https:\/\/www.tsna.cz\/zivotni-styl-na-zaklade-krestanskeho-desatera\/#Article","mainEntityOfPage":"https:\/\/www.tsna.cz\/zivotni-styl-na-zaklade-krestanskeho-desatera\/","headline":"\u017divotn\u00ed styl na z\u00e1klad\u011b k\u0159es\u0165ansk\u00e9ho desatera","name":"\u017divotn\u00ed styl na z\u00e1klad\u011b k\u0159es\u0165ansk\u00e9ho desatera","description":"P\u0159ik\u00e1z\u00e1n\u00ed by m\u011bla b\u00fdt ch\u00e1p\u00e1na sp\u00ed\u0161e jako doporu\u010den\u00ed. V\u00a0mnoha filosofi\u00edch je toti\u017e B\u016fh definov\u00e1n vy\u0161\u0161\u00ed moc\u00ed, je\u017e dala \u010dlov\u011bku svobodnou v\u016fli nakl\u00e1dat se sv\u00fdm \u017eivotem podle sv\u00e9ho uv\u00e1\u017een\u00ed. Nep\u0159ikazuje mu, co m\u00e1 d\u011blat, pouze mu doporu\u010duje volit takov\u00e9 postupy a vzory chov\u00e1n\u00ed, jejich\u017e plody by nep\u0159inesly pozitivn\u00ed \u201eovoce\u201c, ale pouze z\u00e1rmutek, strach, chaos, beznad\u011bj, zoufalstv\u00ed [&hellip;]","datePublished":"2025-03-01","dateModified":"2025-03-01","author":{"@type":"Person","@id":"https:\/\/www.tsna.cz\/author\/#Person","name":"","url":"https:\/\/www.tsna.cz\/author\/","identifier":1,"image":{"@type":"ImageObject","@id":"https:\/\/secure.gravatar.com\/avatar\/087c2e57f451bc02fa8017914855d7c40cf6c7d5dc1637b868e007adc26322d1?s=96&d=mm&r=g","url":"https:\/\/secure.gravatar.com\/avatar\/087c2e57f451bc02fa8017914855d7c40cf6c7d5dc1637b868e007adc26322d1?s=96&d=mm&r=g","height":96,"width":96}},"publisher":{"@type":"Organization","name":"tsna.cz","logo":{"@type":"ImageObject","@id":"\/logo.png","url":"\/logo.png","width":600,"height":60}},"image":{"@type":"ImageObject","@id":"https:\/\/www.tsna.cz\/wp-content\/uploads\/img_a339119_w2244_t1552315876.jpg","url":"https:\/\/www.tsna.cz\/wp-content\/uploads\/img_a339119_w2244_t1552315876.jpg","height":0,"width":0},"url":"https:\/\/www.tsna.cz\/zivotni-styl-na-zaklade-krestanskeho-desatera\/","wordCount":500,"articleBody":"P\u0159ik\u00e1z\u00e1n\u00ed by m\u011bla b\u00fdt ch\u00e1p\u00e1na sp\u00ed\u0161e jako doporu\u010den\u00ed. V\u00a0mnoha filosofi\u00edch je toti\u017e B\u016fh definov\u00e1n vy\u0161\u0161\u00ed moc\u00ed, je\u017e dala \u010dlov\u011bku svobodnou v\u016fli nakl\u00e1dat se sv\u00fdm \u017eivotem podle sv\u00e9ho uv\u00e1\u017een\u00ed. Nep\u0159ikazuje mu, co m\u00e1 d\u011blat, pouze mu doporu\u010duje volit takov\u00e9 postupy a vzory chov\u00e1n\u00ed, jejich\u017e plody by nep\u0159inesly pozitivn\u00ed \u201eovoce\u201c, ale pouze z\u00e1rmutek, strach, chaos, beznad\u011bj, zoufalstv\u00ed a dal\u0161\u00ed negativn\u00ed \u017eivotn\u00ed projevy. Jednotliv\u00e1 \u201edoporu\u010den\u00ed\u201c jsou v\u00a0tomto kontextu ch\u00e1p\u00e1na podobn\u011b, jako k\u0159es\u0165ansk\u00e9 desatero. P\u0159ipome\u0148me si tu ty jeho podstatn\u00e9 prvky:\tZ\u00a0desatera \u201edoporu\u010den\u00ed\u201cNezabije\u0161 \u2013 jak\u00e9koli n\u00e1sil\u00ed je v\u00a0tomto p\u0159\u00edpad\u011b vzta\u017eeno k\u00a0extr\u00e9mn\u00ed podob\u011b, tedy \u00famysln\u00e9mu usmrcen\u00ed. N\u011bco jin\u00e9ho je zavin\u011bn\u00ed \u00farazu nebo smrti z\u00a0nedbalosti, kde nelze srovn\u00e1vat \u00famysl vra\u017edy s\u00a0mnoha p\u0159\u00ed\u010dinami ne\u00famysln\u00fdch dopravn\u00edch nehod, \u00faraz\u016f na stavb\u00e1ch apod. Pod n\u00e1sil\u00edm se ov\u0161em ukr\u00fdv\u00e1 i psychick\u00fd n\u00e1tlak, vnucov\u00e1n\u00ed ciz\u00edho n\u00e1zoru, t\u00fdr\u00e1n\u00ed zv\u00ed\u0159at a d\u011bt\u00ed, co\u017e se projevuje v\u00a0mnoha (i skryt\u00fdch) podob\u00e1ch.Nesesmiln\u00ed\u0161 \u2013 l\u00e1ska mezi mu\u017eem a \u017eenou je jedine\u010dn\u00fdm vyj\u00e1d\u0159en\u00edm l\u00e1sky k\u00a0bli\u017en\u00edmu, n\u00e1klonnosti a fyzick\u00e9 i psychick\u00e9 bl\u00edzkosti. M\u011bla by b\u00fdt pova\u017eov\u00e1na za bo\u017esk\u00fd dar a podle toho tak\u00e9 ch\u00e1p\u00e1na ve v\u0161ech souvislostech.K\u0159iv\u00e9 sv\u011bdectv\u00ed a le\u017e \u2013 mal\u00e9 d\u011bti se u\u010d\u00ed, \u017ee lh\u00e1t se nem\u00e1, pravda toti\u017e vyjde najevo v\u017edy, i kdy\u017e n\u011bkdy mo\u017en\u00e1 v\u00a0del\u0161\u00edm \u010dasov\u00e9m intervalu. Ka\u017ed\u00e1 le\u017e, stejn\u011b jako ka\u017ed\u00fd \u201eskutek\u201c se n\u00e1m zkr\u00e1tka jednou \u201evr\u00e1t\u00ed\u201c.Nepokrade\u0161 a nepo\u017e\u00e1d\u00e1\u0161 o statky sv\u00fdch bli\u017en\u00edch \u2013 dv\u011b z\u00a0desatera zahrnuj\u00ed z\u00e1kladn\u00ed doporu\u010den\u00ed ct\u00edt majetek a osobn\u00ed v\u011bci druh\u00fdch lid\u00ed, a dokonce i zv\u00ed\u0159at. I zv\u00ed\u0159ata maj\u00ed pr\u00e1vo na \u017eivot a okr\u00e1d\u00e1n\u00ed o jejich \u017eivotn\u00ed prostor a podm\u00ednky je rovn\u011b\u017e zlo\u010dinn\u00e9.Cti otce a matku\u2013 postarat se o sv\u00e9 rodi\u010de, a\u017e budou sta\u0159\u00ed, je z\u00e1kladn\u00ed lidskou vlastnost\u00ed, v\u00a0civilizovan\u00e9m sv\u011bt\u011b to na\u0161t\u011bst\u00ed v\u011bt\u0161inou plat\u00ed, ale ne v\u017edy.Sv\u011btit den sv\u00e1te\u010dn\u00ed\u2013 alespo\u0148 jeden den v\u00a0t\u00fddnu bychom m\u011bli odpo\u010d\u00edvat a oslavovat dary \u017eivota. Bohu\u017eel je dnes tento smysl ch\u00e1p\u00e1n pon\u011bkud scestn\u011b, jde sp\u00ed\u0161e o to, sej\u00edt se s\u00a0druh\u00fdmi lidmi, u\u017e\u00edvat vz\u00e1jemn\u00e9 pospolitosti, vz\u00e1jemn\u011b si vypom\u00e1hat a d\u00e1t najevo sv\u00e9 vnit\u0159n\u00ed bo\u017esk\u00e9 vlastnosti, kter\u00fdmi je ka\u017ed\u00fd z\u00a0n\u00e1s obda\u0159en. Ryz\u00ed \u010distota l\u00e1sky k\u00a0bli\u017en\u00edmu je dnes toti\u017e \u010dastokr\u00e1t p\u0159edm\u011btem vyd\u00edr\u00e1n\u00ed, manipulac\u00ed a nepochopen\u00ed.\u00a0                                                                                                                                                                                                                                                                                                                                                                                        4\/5 - (4 votes)        "},{"@context":"https:\/\/schema.org\/","@type":"BreadcrumbList","itemListElement":[{"@type":"ListItem","position":1,"name":"\u017divotn\u00ed styl na z\u00e1klad\u011b k\u0159es\u0165ansk\u00e9ho desatera","item":"https:\/\/www.tsna.cz\/zivotni-styl-na-zaklade-krestanskeho-desatera\/#breadcrumbitem"}]}]