[{"@context":"https:\/\/schema.org\/","@type":"Article","@id":"https:\/\/www.tsna.cz\/zabradli-z-mlecneho-skla\/#Article","mainEntityOfPage":"https:\/\/www.tsna.cz\/zabradli-z-mlecneho-skla\/","headline":"Z\u00e1bradl\u00ed z ml\u00e9\u010dn\u00e9ho skla","name":"Z\u00e1bradl\u00ed z ml\u00e9\u010dn\u00e9ho skla","description":"Pokud tak\u00e9 chcete m\u00edt doma n\u011bco \u00fapln\u011b nov\u00e9ho, tak p\u0159em\u00fd\u0161leli jste, \u017ee byste si nechali ud\u011blat \u00fapln\u011b nov\u00e9 z\u00e1bradl\u00ed? Mnoho lid\u00ed pr\u00e1v\u011b v posledn\u00ed dob\u011b uva\u017euje, \u017ee by si nechali ud\u011blat interi\u00e9r n\u011bjakou rekonstrukci a \u017ee by se tak\u00e9 nechali ud\u011blat nov\u00e9 z\u00e1bradl\u00ed. V mnoha p\u0159\u00edpadech lid\u00e9 d\u00e1vaj\u00ed p\u0159ednost pr\u00fd d\u0159ev\u011bn\u00e9mu z\u00e1bradl\u00ed. J\u00e1 se tomu [&hellip;]","datePublished":"2024-01-21","dateModified":"2024-02-21","author":{"@type":"Person","@id":"https:\/\/www.tsna.cz\/author\/#Person","name":"","url":"https:\/\/www.tsna.cz\/author\/","identifier":1,"image":{"@type":"ImageObject","@id":"https:\/\/secure.gravatar.com\/avatar\/087c2e57f451bc02fa8017914855d7c40cf6c7d5dc1637b868e007adc26322d1?s=96&d=mm&r=g","url":"https:\/\/secure.gravatar.com\/avatar\/087c2e57f451bc02fa8017914855d7c40cf6c7d5dc1637b868e007adc26322d1?s=96&d=mm&r=g","height":96,"width":96}},"publisher":{"@type":"Organization","name":"tsna.cz","logo":{"@type":"ImageObject","@id":"\/logo.png","url":"\/logo.png","width":600,"height":60}},"image":{"@type":"ImageObject","@id":"https:\/\/www.tsna.cz\/wp-content\/uploads\/railing-3855288_1280_1.jpg","url":"https:\/\/www.tsna.cz\/wp-content\/uploads\/railing-3855288_1280_1.jpg","height":0,"width":0},"url":"https:\/\/www.tsna.cz\/zabradli-z-mlecneho-skla\/","about":["Produkty"],"wordCount":428,"articleBody":"   Pokud tak\u00e9 chcete m\u00edt doma n\u011bco \u00fapln\u011b nov\u00e9ho, tak p\u0159em\u00fd\u0161leli jste, \u017ee byste si nechali ud\u011blat \u00fapln\u011b nov\u00e9 z\u00e1bradl\u00ed? Mnoho lid\u00ed pr\u00e1v\u011b v posledn\u00ed dob\u011b uva\u017euje, \u017ee by si nechali ud\u011blat interi\u00e9r n\u011bjakou rekonstrukci a \u017ee by se tak\u00e9 nechali ud\u011blat nov\u00e9 z\u00e1bradl\u00ed. V mnoha p\u0159\u00edpadech lid\u00e9 d\u00e1vaj\u00ed p\u0159ednost pr\u00fd d\u0159ev\u011bn\u00e9mu z\u00e1bradl\u00ed. J\u00e1 se tomu nediv\u00edm, proto\u017ee m\u011b by se tak\u00e9 moc l\u00edbilo d\u0159ev\u011bn\u00e9 z\u00e1bradl\u00ed. Ale dozv\u011bd\u011bla jsem se, \u017ee pr\u00e1v\u011b d\u0159ev\u011bn\u00e9 z\u00e1bradl\u00ed b\u00fdv\u00e1 opravdu ze v\u0161ech nejdra\u017e\u0161\u00ed. Sklen\u011bn\u00e9 z\u00e1bradl\u00ed kmkdesgn.cz je zase v posledn\u00ed dob\u011b opravdu velice modern\u00ed a tak\u00e9 moc \u017e\u00e1dan\u00e9. J\u00e1 sama jsem si \u0159ekla, \u017ee kdybych m\u011bla d\u011blat rekonstrukci interi\u00e9ru, tak bych si ur\u010dit\u011b po\u0159\u00eddila tak\u00e9 bu\u010fto d\u0159ev\u011bn\u00e9 z\u00e1bradl\u00ed anebo sklen\u011bn\u00e9 z\u00e1bradl\u00ed. L\u00edb\u00ed se mi hlavn\u011b novinky a kdybych m\u011bla sklen\u011bn\u00e9 z\u00e1bradl\u00ed, tak bych si ur\u010dit\u011b ho nechala ud\u011blat od n\u011bjak\u00e9ho n\u00e1vrh\u00e1\u0159e. Od n\u011bkoho, kdo se v tom vyzn\u00e1, abych m\u011bla n\u011bco doma opravdu p\u011bkn\u00e9ho. J\u00e1 jsem doma je\u0161t\u011b \u017e\u00e1dn\u00e9ho architekta v\u016fbec nem\u011bla. Ani bytov\u00e9ho design\u00e9ra, proto jsem si \u0159ekla, a \u0159ekla jsem to i partnerovi, \u017ee sklen\u011bn\u00e9 z\u00e1bradl\u00ed bych cht\u011bla od n\u011bjak\u00e9ho profesion\u00e1la, kter\u00fd se v tom vyzn\u00e1 a t\u0159eba by do toho cht\u011bla d\u00e1t i n\u011bjak\u00e9 ryt\u00ed, n\u011bjakou rytinu, aby to bylo opravdu origin\u00e1ln\u00ed. Mnoho lid\u00ed tak\u00e9 m\u00edv\u00e1 doma r\u016fzn\u00e9 z\u00e1bradl\u00ed, t\u0159eba plastov\u00e9, jenom\u017ee plastov\u00e9 se mi nel\u00edb\u00ed, proto\u017ee kdy\u017e m\u00e1te opravdu plast dlouho a sv\u00edt\u00ed na n\u011bj slunce, tak ze\u017eloutne anebo \u00fapln\u011b vybledne. A to potom nen\u00ed p\u011bkn\u00e9. Tak\u00e9 si mysl\u00edm, \u017ee plast je opravdu hodn\u011b chatrn\u00fd. Kdy\u017e zmrzne, tak se velice snadno rozbije, on praskne. Proto si mysl\u00edm, \u017ee mnoho lid\u00ed d\u00e1v\u00e1 p\u0159ednost d\u0159ev\u011bn\u00e9mu z\u00e1bradl\u00ed anebo tak\u00e9 hlavn\u011b sklen\u011bn\u00e9mu z\u00e1bradl\u00ed, kter\u00e9 vypad\u00e1 opravdu elegantn\u011b. Sklen\u011bn\u00e9 z\u00e1bradl\u00ed se l\u00edb\u00ed opravdu v\u0161em. Nemus\u00edte se b\u00e1t, vz\u00edt tam byly otisky prst\u016f, nebo by se to n\u011bjak u\u0161pinilo, kdy\u017e budete m\u00edt ml\u00e9\u010dn\u00e9 sklo, tak nic nep\u016fjde vid\u011bt a v\u0161echno bude v po\u0159\u00e1dku.                                                                                                                                                                                                                                                                                                                                                                                           4.8\/5 - (9 votes)        "},{"@context":"https:\/\/schema.org\/","@type":"BreadcrumbList","itemListElement":[{"@type":"ListItem","position":1,"name":"Z\u00e1bradl\u00ed z ml\u00e9\u010dn\u00e9ho skla","item":"https:\/\/www.tsna.cz\/zabradli-z-mlecneho-skla\/#breadcrumbitem"}]}]