[{"@context":"https:\/\/schema.org\/","@type":"Article","@id":"https:\/\/www.tsna.cz\/proc-se-prilis-casto-nestavi-bazen-obdelnikovy\/#Article","mainEntityOfPage":"https:\/\/www.tsna.cz\/proc-se-prilis-casto-nestavi-bazen-obdelnikovy\/","headline":"Pro\u010d se p\u0159\u00edli\u0161 \u010dasto nestav\u00ed baz\u00e9n obd\u00e9ln\u00edkov\u00fd","name":"Pro\u010d se p\u0159\u00edli\u0161 \u010dasto nestav\u00ed baz\u00e9n obd\u00e9ln\u00edkov\u00fd","description":"Asi v\u0161ichni v\u00edme, \u017ee m\u00e1me nejr\u016fzn\u011bj\u0161\u00ed typy baz\u00e9nu. Co je v\u0161ak zaj\u00edmav\u00e9, je fakt, \u017ee se i jejich rozlo\u017een\u00ed li\u0161\u00ed podle toho, zda jde o ve\u0159ejn\u00fd baz\u00e9n nebo soukrom\u00fd n\u011bkde na zahrad\u011b. Zat\u00edmco nap\u0159\u00edklad v plaveck\u00fdch hal\u00e1ch a tak\u00e9 na ofici\u00e1ln\u00edch z\u00e1vodech najdeme t\u00e9m\u011b\u0159 v\u00fdhradn\u011b baz\u00e9n obd\u00e9ln\u00edkov\u00fd, na zahrad\u00e1ch u rodinn\u00fdch dom\u016f, chat a chalup [&hellip;]","datePublished":"2023-08-25","dateModified":"2023-08-25","author":{"@type":"Person","@id":"https:\/\/www.tsna.cz\/author\/#Person","name":"","url":"https:\/\/www.tsna.cz\/author\/","identifier":1,"image":{"@type":"ImageObject","@id":"https:\/\/secure.gravatar.com\/avatar\/087c2e57f451bc02fa8017914855d7c40cf6c7d5dc1637b868e007adc26322d1?s=96&d=mm&r=g","url":"https:\/\/secure.gravatar.com\/avatar\/087c2e57f451bc02fa8017914855d7c40cf6c7d5dc1637b868e007adc26322d1?s=96&d=mm&r=g","height":96,"width":96}},"publisher":{"@type":"Organization","name":"tsna.cz","logo":{"@type":"ImageObject","@id":"\/logo.png","url":"\/logo.png","width":600,"height":60}},"image":{"@type":"ImageObject","@id":"https:\/\/www.tsna.cz\/wp-content\/uploads\/bazen3_10_10_2.jpg","url":"https:\/\/www.tsna.cz\/wp-content\/uploads\/bazen3_10_10_2.jpg","height":0,"width":0},"url":"https:\/\/www.tsna.cz\/proc-se-prilis-casto-nestavi-bazen-obdelnikovy\/","about":["Produkty"],"wordCount":443,"articleBody":"      Asi v\u0161ichni v\u00edme, \u017ee m\u00e1me nejr\u016fzn\u011bj\u0161\u00ed typy baz\u00e9nu. Co je v\u0161ak zaj\u00edmav\u00e9, je fakt, \u017ee se i jejich rozlo\u017een\u00ed li\u0161\u00ed podle toho, zda jde o ve\u0159ejn\u00fd baz\u00e9n nebo soukrom\u00fd n\u011bkde na zahrad\u011b. Zat\u00edmco nap\u0159\u00edklad v plaveck\u00fdch hal\u00e1ch a tak\u00e9 na ofici\u00e1ln\u00edch z\u00e1vodech najdeme t\u00e9m\u011b\u0159 v\u00fdhradn\u011b baz\u00e9n obd\u00e9ln\u00edkov\u00fd, na zahrad\u00e1ch u rodinn\u00fdch dom\u016f, chat a chalup je to ten ov\u00e1ln\u00fd.To m\u00e1 samoz\u0159ejm\u011b sv\u016fj d\u016fvod. T\u00edm je p\u0159edev\u0161\u00edm fakt, \u017ee obd\u00e9ln\u00edkov\u00fd poskytuje v\u00edce prostoru. Nav\u00edc, pokud je vyu\u017e\u00edv\u00e1n k ofici\u00e1ln\u00edm sout\u011b\u017e\u00edm, poskytuje v\u0161em sout\u011b\u017e\u00edc\u00edm stejn\u00fd prostor. U ov\u00e1ln\u00e9ho by m\u011bli ti, kte\u0159\u00ed jsou d\u00e1le od st\u0159edu krat\u0161\u00ed dr\u00e1hu ne\u017e ti, kte\u0159\u00ed jsou ke st\u0159edu bl\u00ed\u017ee, co\u017e by rozhodn\u011b odporovalo duchu f\u00e9rov\u00e9ho sportov\u00e1n\u00ed.Na druhou stranu je pravdou, \u017ee se rohy mnohem h\u016f\u0159e \u010dist\u00ed. D\u00edky tomu a tak\u00e9 d\u00edky proud\u016fm zp\u016fsoben\u00fdm \u010derpadly se v nich tak\u00e9 mnohem v\u00edce hromad\u00ed ne\u010distoty. Je tedy podstatn\u011b n\u00e1ro\u010dn\u011bj\u0161\u00ed na \u00fadr\u017ebu. To sice nen\u00ed takov\u00fd probl\u00e9m v prost\u0159ed\u00ed, kde maj\u00ed k dispozici profesion\u00e1ln\u00ed n\u00e1stroje, v dom\u00e1c\u00edch podm\u00ednk\u00e1ch by to v\u0161ak mohl b\u00fdt probl\u00e9m.D\u00e1le je zde fakt, \u017ee v\u011bt\u0161ina dom\u00e1c\u00edch baz\u00e9n\u016f m\u00e1 pouze jedno \u010derpadlo p\u0159ipojen\u00e9 k filtra\u010dn\u00edmu za\u0159\u00edzen\u00ed. Pokud by tedy bylo pu\u0161t\u011bn\u00e9, proud by se zarazil pr\u00e1v\u011b v roz\u00edch. U ov\u00e1ln\u00e9ho tvaru je naopak pohyb plynul\u00fd, nebo\u0165 nikde nejsou \u017e\u00e1dn\u00e9 p\u0159ek\u00e1\u017eky.Samoz\u0159ejm\u011b to neznamen\u00e1, \u017ee na zahrad\u00e1ch obd\u00e9ln\u00edkov\u00e9 baz\u00e9ny nenalezneme. Je jich v\u0161ak mnohem m\u00e9n\u011b ne\u017e t\u011bch s kulat\u00fdm \u010di obd\u00e9ln\u00edkov\u00fdm tvarem, a to p\u0159edev\u0161\u00edm z v\u00fd\u0161e zm\u00edn\u011bn\u00fdch d\u016fvod\u016f. Pro b\u011b\u017en\u00e9ho \u010dlov\u011bka toti\u017e nen\u00ed zrovna snadn\u00e9 udr\u017eet baz\u00e9n \u010dist\u00fd, a tak je ka\u017ed\u00e1 v\u011bc, kter\u00e1 tuto pr\u00e1ci usnadn\u00ed, v\u00edt\u00e1na. I kdy\u017e to znamen\u00e1 m\u00edrn\u00e9 zmen\u0161en\u00ed vyu\u017eiteln\u00e9ho prostoru.I nad t\u00edm je dobr\u00e9 se zamyslet, pokud zrovna n\u011bjak\u00fd baz\u00e9n vyb\u00edr\u00e1me. Je vhodn\u00e9 si realisticky \u0159\u00edci, co jsme ochotni tomu ob\u011btovat a zamyslet se nad t\u00edm, kter\u00e1 varianta pro n\u00e1s bude ta nejlep\u0161\u00ed. Tak budeme nakonec s v\u00fdsledkem spokojeni.                                                                                                                                                                                                                                                                                                                                                                                          4.6\/5 - (5 votes)        "},{"@context":"https:\/\/schema.org\/","@type":"BreadcrumbList","itemListElement":[{"@type":"ListItem","position":1,"name":"Pro\u010d se p\u0159\u00edli\u0161 \u010dasto nestav\u00ed baz\u00e9n obd\u00e9ln\u00edkov\u00fd","item":"https:\/\/www.tsna.cz\/proc-se-prilis-casto-nestavi-bazen-obdelnikovy\/#breadcrumbitem"}]}]