[{"@context":"https:\/\/schema.org\/","@type":"Article","@id":"https:\/\/www.tsna.cz\/neskodne-obaly\/#Article","mainEntityOfPage":"https:\/\/www.tsna.cz\/neskodne-obaly\/","headline":"Ne\u0161kodn\u00e9 obaly","name":"Ne\u0161kodn\u00e9 obaly","description":"Opravdu hodn\u011b m\u011b t\u011b\u0161\u00ed, \u017ee v posledn\u00ed dob\u011b prodejci a r\u016fzn\u00ed majitel\u00e9 firem vyu\u017e\u00edvaj\u00ed u\u017e tak\u00e9 ve velk\u00e9m ekologick\u00e9 obaly. J\u00e1 si mysl\u00edm, \u017ee kdyby mnoho lid\u00ed vyu\u017e\u00edvalo pouze ekologick\u00e9 obaly, \u017ee by to m\u011blo velice pozitivn\u00ed vliv na na\u0161e \u017eivotn\u00ed prost\u0159ed\u00ed a celkov\u011b na celou planetu. P\u0159edpokl\u00e1d\u00e1m, \u017ee ale st\u00e1le je plno lid\u00ed, kte\u0159\u00ed [&hellip;]","datePublished":"2023-08-27","dateModified":"2023-08-27","author":{"@type":"Person","@id":"https:\/\/www.tsna.cz\/author\/#Person","name":"","url":"https:\/\/www.tsna.cz\/author\/","identifier":1,"image":{"@type":"ImageObject","@id":"https:\/\/secure.gravatar.com\/avatar\/087c2e57f451bc02fa8017914855d7c40cf6c7d5dc1637b868e007adc26322d1?s=96&d=mm&r=g","url":"https:\/\/secure.gravatar.com\/avatar\/087c2e57f451bc02fa8017914855d7c40cf6c7d5dc1637b868e007adc26322d1?s=96&d=mm&r=g","height":96,"width":96}},"publisher":{"@type":"Organization","name":"tsna.cz","logo":{"@type":"ImageObject","@id":"\/logo.png","url":"\/logo.png","width":600,"height":60}},"image":{"@type":"ImageObject","@id":"https:\/\/www.tsna.cz\/wp-content\/uploads\/books-1099067_1280_1.jpg","url":"https:\/\/www.tsna.cz\/wp-content\/uploads\/books-1099067_1280_1.jpg","height":0,"width":0},"url":"https:\/\/www.tsna.cz\/neskodne-obaly\/","about":["Produkty"],"wordCount":388,"articleBody":"   Opravdu hodn\u011b m\u011b t\u011b\u0161\u00ed, \u017ee v posledn\u00ed dob\u011b prodejci a r\u016fzn\u00ed majitel\u00e9 firem vyu\u017e\u00edvaj\u00ed u\u017e tak\u00e9 ve velk\u00e9m ekologick\u00e9 obaly. J\u00e1 si mysl\u00edm, \u017ee kdyby mnoho lid\u00ed vyu\u017e\u00edvalo pouze ekologick\u00e9 obaly, \u017ee by to m\u011blo velice pozitivn\u00ed vliv na na\u0161e \u017eivotn\u00ed prost\u0159ed\u00ed a celkov\u011b na celou planetu. P\u0159edpokl\u00e1d\u00e1m, \u017ee ale st\u00e1le je plno lid\u00ed, kte\u0159\u00ed vyu\u017e\u00edvaj\u00ed jenom plastov\u00e9 a nerecyklovan\u00e9 obaly, kter\u00e9 potom \u0161kod\u00ed p\u0159\u00edrod\u011b. Vemte si, \u017ee kdybyste pou\u017eili t\u0159eba n\u011bjak\u00e9 nekvalitn\u00ed obalov\u00e9 materi\u00e1ly, kter\u00e9 jsou samoz\u0159ejm\u011b neekologick\u00e9, \u017ee by se potom tak\u00e9 mohlo st\u00e1t, \u017ee poplave n\u011bjak\u00e1 mal\u00e1 rybi\u010dka v mo\u0159i a nebo \u017eelvi\u010dka, kterou potom zabijete t\u00edm, \u017ee jste vyhodili n\u011bco \u0161patn\u00e9ho do odpadu. Tady jde alespo\u0148 vid\u011bt, \u017ee nejenom\u017ee mus\u00edte t\u0159\u00eddit odpad, tak\u00e9 pou\u017e\u00edvat ekologick\u00e9 obaly. Aby se tak\u00e9 nevyr\u00e1b\u011bly dal\u0161\u00ed neekologick\u00e9 obaly, aby se tak\u00e9 u\u0161et\u0159ila pr\u00e1ce a efektivita pr\u00e1ce, aby se vyu\u017e\u00edvaly hlavn\u011b takov\u00e9 ty materi\u00e1ly, kter\u00e9 jsou u\u017e vyroben\u00e9. Tomu se \u0159\u00edk\u00e1 recyklace. A je to takov\u00fd \u017eivotn\u00ed cyklus.Nen\u00ed to \u017eivotn\u00ed cyklus n\u011bkoho \u017eiv\u00e9ho, ale takov\u00e1 recyklace a \u017eivotn\u00ed cyklus um\u011bl\u00fdch v\u011bc\u00ed, jako nap\u0159\u00edklad pr\u00e1v\u011b obal\u016f. Proto si mysl\u00edm, \u017ee vyr\u00e1b\u011bt ekologick\u00e9 obaly se vyplat\u00ed, a to formou recyklace. Opravdu nevid\u00edm v tom velk\u00fd a \u017e\u00e1dn\u00fd probl\u00e9m, pokud t\u0159eba budou r\u016fzn\u00e9 plastov\u00e9 krabice vyu\u017eity i t\u0159ikr\u00e1t nebo i v\u00edcekr\u00e1t.Pro\u010d t\u0159eba kupovat st\u00e1le dokola igelitov\u00e9 ta\u0161ky a nebo s\u00e1\u010dky, kdy\u017e m\u016f\u017eete vyu\u017e\u00edt pap\u00edrov\u00e9 a nebo dokonce tak\u00e9 pl\u00e1t\u011bn\u00e9 ta\u0161ky, kter\u00e9 m\u016f\u017eete vyu\u017e\u00edt i v\u00edce ne\u017e stokr\u00e1t? J\u00e1 jsem si \u0159ekla, \u017ee kdyby tohle bylo pouze jenom na m\u011b, \u017ee bych d\u00e1vala opravdu vysok\u00e9 pokuty t\u011bm prodejc\u016fm, kte\u0159\u00ed vyu\u017e\u00edvaj\u00ed \u00fapln\u011b nov\u00e9 plastov\u00e9 obaly, kter\u00e9 jsou neekologick\u00e9ho p\u016fvodu. Mysl\u00edm si, \u017ee nen\u00ed opravdu na \u0161kodu a \u017ee by to tak\u00e9 nedalo spoustu pr\u00e1ce nav\u00edc, kdyby se vyr\u00e1b\u011bly pouze ekologick\u00e9 obaly a nebyly tak drah\u00e9, proto\u017ee drah\u00e9 zbo\u017e\u00ed \u010dlov\u011bka v\u017edycky v\u011bt\u0161inou odrad\u00ed.                                                                                                                                                                                                                                                                                                                                                                                           5\/5 - (1 vote)        "},{"@context":"https:\/\/schema.org\/","@type":"BreadcrumbList","itemListElement":[{"@type":"ListItem","position":1,"name":"Ne\u0161kodn\u00e9 obaly","item":"https:\/\/www.tsna.cz\/neskodne-obaly\/#breadcrumbitem"}]}]